{"id":878,"date":"2020-12-20T19:26:03","date_gmt":"2020-12-20T15:26:03","guid":{"rendered":"http:\/\/infonews.az\/?p=878"},"modified":"2020-12-20T19:26:03","modified_gmt":"2020-12-20T15:26:03","slug":"haci-%c9%99liyev-dunya-kubokunda-da-haqsizliqla-u%cc%88zl%c9%99s%cc%a7dim","status":"publish","type":"post","link":"https:\/\/infonews.az\/?p=878","title":{"rendered":"Hac\u0131 \u018fliyev: &#8220;D\u00fcnya Kubokunda da haqs\u0131zl\u0131qla u\u0308zl\u0259s\u0327dim&#8221;"},"content":{"rendered":"<p>\u0130NFONEWS &#8220;\u0259dal\u0259t.az&#8221;-a istinad\u0259n x\u0259b\u0259r verir ki, Az\u0259rbaycan\u0131n s\u0259rb\u0259st g\u00fcl\u0259\u015f\u00e7isi Hac\u0131 \u018fliyev Az\u0259rbaycan G\u00fcl\u0259\u015f Federasiyas\u0131n\u0131n r\u0259smi sayt\u0131na a\u00e7\u0131qlamas\u0131nda Serbiyan\u0131n paytaxt\u0131 Belqradda ke\u00e7iril\u0259n F\u0259rdi D\u00fcnya Kubokunda rusiyal\u0131 Hac\u0131murad R\u0259\u015fidov \u00fcz\u0259rind\u0259 qazand\u0131\u011f\u0131 q\u0259l\u0259b\u0259 bar\u0259d\u0259 dan\u0131\u015fark\u0259n deyib: <b>&#8220;Bu go\u0308ru\u0308s\u0327 m\u0259nim u\u0308c\u0327u\u0308n c\u0327ox o\u0308n\u0259mli oldug\u0306u u\u0308c\u0327u\u0308n tam f\u0259rqli haz\u0131rlas\u0327m\u0131s\u0327d\u0131m. 2019-cu ild\u0259 m\u0259n\u0259 qars\u0327\u0131 edil\u0259n haqs\u0131zl\u0131g\u0306\u0131 q\u0259bul ed\u0259 bilmirdim&#8221;.<\/b><\/p>\n<p>65 kq-da \u00e7\u0131x\u0131\u015f ed\u0259n \u00fc\u00e7qat Avropa v\u0259 d\u00fcnya \u00e7empionu r\u0259qibind\u0259n qat-qat g\u00fccl\u00fc oldu\u011funu bildirib: &#8220;Hac\u0131murad R\u0259s\u0327idov v\u0259 onun fanatlar\u0131 m\u0259n\u0259 qalib g\u0259ldiyini du\u0308s\u0327u\u0308nu\u0308rdu\u0308. Amma bu, bel\u0259 deyildi. M\u0259n\u0259 el\u0259 g\u0259lir ki, hakiml\u0259rin &#8220;go\u0308z\u0259l&#8221; q\u0259rar\u0131 il\u0259 o qalib g\u0259lmis\u0327di. Bu\u0308tu\u0308n gu\u0308cu\u0308m v\u0259 ist\u0259yiml\u0259 bu qars\u0327\u0131las\u0327maya haz\u0131rlas\u0327m\u0131s\u0327d\u0131m v\u0259 q\u0259l\u0259b\u0259 qazanacag\u0306\u0131m\u0131 hiss edirdim. S\u0327u\u0308ku\u0308rl\u0259r olsun ki, ilk d\u0259qiq\u0259d\u0259n hu\u0308cum el\u0259dim. Fikrimc\u0259, m\u0259n ondan c\u0327ox gu\u0308clu\u0308y\u0259m&#8221;.<\/p>\n<p>Turnird\u0259ki \u00e7\u0131x\u0131\u015f\u0131n\u0131 da d\u0259y\u0259rl\u0259ndir\u0259n \u018fliyev Macar\u0131stan g\u00fcl\u0259\u015f\u00e7isi \u0130smay\u0131l Musukayev\u0259 6:7 hesab\u0131 il\u0259 uduzdu\u011fu go\u0308ru\u0308s\u0327\u0259 z\u0259d\u0259li c\u0327\u0131xd\u0131\u011f\u0131n\u0131 s\u00f6yl\u0259yib: &#8220;R\u0259qib z\u0259d\u0259l\u0259ndiyimi bilmirdi. Gu\u0308l\u0259s\u0327\u0259nd\u0259 \u0259ziyy\u0259t c\u0327\u0259kirdim. Yen\u0259 haqs\u0131zl\u0131qla u\u0308zl\u0259s\u0327dim. Hakiml\u0259r 2 x\u0259b\u0259rdarl\u0131qdan birini verm\u0259di. Bunu bas\u0327qa hakiml\u0259r d\u0259 dedi. H\u0259m d\u0259 ani ehtiyats\u0131zl\u0131qdan 6 xal verdim. Hec\u0327 n\u0259d\u0259n. Amma bu idmand\u0131r. \u00dcmid edir\u0259m ki, g\u0259l\u0259c\u0259k yar\u0131s\u0327larda v\u0259 Olimpiadada daha yaxs\u0327\u0131 n\u0259tic\u0259 olacaq&#8221;.<\/p>\n<p>Z\u0259d\u0259si il\u0259 ba\u011fl\u0131 da dan\u0131\u015fan titullu g\u00fcl\u0259\u015f\u00e7i qab\u0131rg\u0306as\u0131nda s\u0131n\u0131q olmad\u0131\u011f\u0131n\u0131 vur\u011fulay\u0131b: &#8220;Sad\u0259c\u0259, yu\u0308ngu\u0308l c\u0327at var. 10-15 gu\u0308n dog\u0306ru mu\u0308alic\u0259 gets\u0259, problem aradan qalxacaq. Lisenziya turnirin\u0259 q\u0259d\u0259r tam haz\u0131r v\u0259ziyy\u0259td\u0259 olacag\u0306\u0131m\u0131 du\u0308s\u0327u\u0308nu\u0308r\u0259m\u201d.<\/p>\n<p>Qeyd ed\u0259k ki, Hac\u0131 \u018fliyev F\u0259rdi D\u00fcnya Kubokunda b\u00fcr\u00fcnc medal qazan\u0131b.<\/p>\n","protected":false},"excerpt":{"rendered":"<p>\u0130NFONEWS &#8220;\u0259dal\u0259t.az&#8221;-a istinad\u0259n x\u0259b\u0259r verir ki, Az\u0259rbaycan\u0131n s\u0259rb\u0259st g\u00fcl\u0259\u015f\u00e7isi Hac\u0131 \u018fliyev Az\u0259rbaycan G\u00fcl\u0259\u015f Federasiyas\u0131n\u0131n r\u0259smi sayt\u0131na a\u00e7\u0131qlamas\u0131nda Serbiyan\u0131n paytaxt\u0131 Belqradda ke\u00e7iril\u0259n F\u0259rdi D\u00fcnya Kubokunda rusiyal\u0131 Hac\u0131murad R\u0259\u015fidov \u00fcz\u0259rind\u0259 qazand\u0131\u011f\u0131 q\u0259l\u0259b\u0259&hellip; <\/p>\n","protected":false},"author":3,"featured_media":879,"comment_status":"open","ping_status":"open","sticky":false,"template":"","format":"standard","meta":{"_mi_skip_tracking":false,"_monsterinsights_sitenote_active":false,"_monsterinsights_sitenote_note":"","_monsterinsights_sitenote_category":0,"footnotes":""},"categories":[58,11],"tags":[160,161,59],"aioseo_notices":[],"_links":{"self":[{"href":"https:\/\/infonews.az\/index.php?rest_route=\/wp\/v2\/posts\/878"}],"collection":[{"href":"https:\/\/infonews.az\/index.php?rest_route=\/wp\/v2\/posts"}],"about":[{"href":"https:\/\/infonews.az\/index.php?rest_route=\/wp\/v2\/types\/post"}],"author":[{"embeddable":true,"href":"https:\/\/infonews.az\/index.php?rest_route=\/wp\/v2\/users\/3"}],"replies":[{"embeddable":true,"href":"https:\/\/infonews.az\/index.php?rest_route=%2Fwp%2Fv2%2Fcomments&post=878"}],"version-history":[{"count":1,"href":"https:\/\/infonews.az\/index.php?rest_route=\/wp\/v2\/posts\/878\/revisions"}],"predecessor-version":[{"id":880,"href":"https:\/\/infonews.az\/index.php?rest_route=\/wp\/v2\/posts\/878\/revisions\/880"}],"wp:featuredmedia":[{"embeddable":true,"href":"https:\/\/infonews.az\/index.php?rest_route=\/wp\/v2\/media\/879"}],"wp:attachment":[{"href":"https:\/\/infonews.az\/index.php?rest_route=%2Fwp%2Fv2%2Fmedia&parent=878"}],"wp:term":[{"taxonomy":"category","embeddable":true,"href":"https:\/\/infonews.az\/index.php?rest_route=%2Fwp%2Fv2%2Fcategories&post=878"},{"taxonomy":"post_tag","embeddable":true,"href":"https:\/\/infonews.az\/index.php?rest_route=%2Fwp%2Fv2%2Ftags&post=878"}],"curies":[{"name":"wp","href":"https:\/\/api.w.org\/{rel}","templated":true}]}}