{"id":929,"date":"2020-12-22T10:14:05","date_gmt":"2020-12-22T06:14:05","guid":{"rendered":"http:\/\/infonews.az\/?p=929"},"modified":"2020-12-22T18:48:02","modified_gmt":"2020-12-22T14:48:02","slug":"xalq-artisti-sabir-%c9%99liyev-koronavirusdan-v%c9%99fat-etdi","status":"publish","type":"post","link":"https:\/\/infonews.az\/?p=929","title":{"rendered":"Xalq artisti Sabir \u018fliyev  koronavirusdan v\u0259fat etdi"},"content":{"rendered":"<blockquote><p><strong>Koronavirusa yoluxan Xalq artisti Sabir \u018fliyev v\u0259fat edib.\u00a0<\/strong><\/p><\/blockquote>\n<p><a href=\"http:\/\/infonews.az\"><strong>\u0130NFONEWS<\/strong><\/a> x\u0259b\u0259r verir ki, bu bar\u0259d\u0259 prod\u00fcser S\u0259nan S\u0259rdaro\u011flu m\u0259lumat verib.<\/p>\n<p>Qeyd ed\u0259k ki, 72 ya\u015fl\u0131 xan\u0259nd\u0259 bir m\u00fcdd\u0259t bundan \u0259vv\u0259l \u201cCOVID-19\u201d diaqnozu il\u0259 x\u0259st\u0259xanaya apar\u0131lm\u0131\u015f, v\u0259ziyy\u0259ti a\u011f\u0131rla\u015faraq reanimasiyaya yerl\u0259\u015fdirilmi\u015fdi.\u00a0 Xat\u0131rladaq ki,\u00a0 Sabir \u018fliyev 1948-ci ild\u0259 C\u0259lilabad rayonunda anadan olub. O, 1968-ci ild\u0259 t\u0259l\u0259b\u0259 ik\u0259n Az\u0259rbaycan D\u00f6vl\u0259t Akademik Opera v\u0259 Balet Teatr\u0131na d\u0259v\u0259t edilib v\u0259 42 il teatr\u0131n mu\u011fam b\u00f6lm\u0259sinin solisti olub.<\/p>\n<p>S.\u018fliyev m\u00fcxt\u0259lif s\u0259hn\u0259l\u0259rd\u0259, radio v\u0259 telekanallarda, T\u00fcrkiy\u0259, B\u018f\u018f, Rusiya, Fransa, \u0130sve\u00e7r\u0259, \u0130ran, Misir, Nigeriya v\u0259 b. \u00f6lk\u0259l\u0259rd\u0259 qastrol s\u0259f\u0259rl\u0259rind\u0259 olub v\u0259 b\u00f6y\u00fck u\u011furla \u00e7\u0131x\u0131\u015f edib.<\/p>\n<p>Sabir \u018fliyev Az\u0259rbaycan m\u0259d\u0259niyy\u0259tinin inki\u015faf\u0131ndak\u0131 xidm\u0259tl\u0259rin\u0259 g\u00f6r\u0259 2005-ci ild\u0259 \u201c\u018fm\u0259kdar artist\u201d, 2017-ci ild\u0259 \u201cXalq artisti&#8221; f\u0259xri adlar\u0131na layiq g\u00f6r\u00fcl\u00fcb<\/p>\n","protected":false},"excerpt":{"rendered":"<p>Koronavirusa yoluxan Xalq artisti Sabir \u018fliyev v\u0259fat edib.\u00a0 \u0130NFONEWS x\u0259b\u0259r verir ki, bu bar\u0259d\u0259 prod\u00fcser S\u0259nan S\u0259rdaro\u011flu m\u0259lumat verib. Qeyd ed\u0259k ki, 72 ya\u015fl\u0131 xan\u0259nd\u0259 bir m\u00fcdd\u0259t bundan \u0259vv\u0259l \u201cCOVID-19\u201d&hellip; <\/p>\n","protected":false},"author":3,"featured_media":930,"comment_status":"open","ping_status":"open","sticky":false,"template":"","format":"standard","meta":{"_mi_skip_tracking":false,"_monsterinsights_sitenote_active":false,"_monsterinsights_sitenote_note":"","_monsterinsights_sitenote_category":0,"footnotes":""},"categories":[5,10,11],"tags":[135],"aioseo_notices":[],"_links":{"self":[{"href":"https:\/\/infonews.az\/index.php?rest_route=\/wp\/v2\/posts\/929"}],"collection":[{"href":"https:\/\/infonews.az\/index.php?rest_route=\/wp\/v2\/posts"}],"about":[{"href":"https:\/\/infonews.az\/index.php?rest_route=\/wp\/v2\/types\/post"}],"author":[{"embeddable":true,"href":"https:\/\/infonews.az\/index.php?rest_route=\/wp\/v2\/users\/3"}],"replies":[{"embeddable":true,"href":"https:\/\/infonews.az\/index.php?rest_route=%2Fwp%2Fv2%2Fcomments&post=929"}],"version-history":[{"count":1,"href":"https:\/\/infonews.az\/index.php?rest_route=\/wp\/v2\/posts\/929\/revisions"}],"predecessor-version":[{"id":931,"href":"https:\/\/infonews.az\/index.php?rest_route=\/wp\/v2\/posts\/929\/revisions\/931"}],"wp:featuredmedia":[{"embeddable":true,"href":"https:\/\/infonews.az\/index.php?rest_route=\/wp\/v2\/media\/930"}],"wp:attachment":[{"href":"https:\/\/infonews.az\/index.php?rest_route=%2Fwp%2Fv2%2Fmedia&parent=929"}],"wp:term":[{"taxonomy":"category","embeddable":true,"href":"https:\/\/infonews.az\/index.php?rest_route=%2Fwp%2Fv2%2Fcategories&post=929"},{"taxonomy":"post_tag","embeddable":true,"href":"https:\/\/infonews.az\/index.php?rest_route=%2Fwp%2Fv2%2Ftags&post=929"}],"curies":[{"name":"wp","href":"https:\/\/api.w.org\/{rel}","templated":true}]}}