{"id":953,"date":"2020-12-22T17:28:02","date_gmt":"2020-12-22T13:28:02","guid":{"rendered":"http:\/\/infonews.az\/?p=953"},"modified":"2020-12-22T21:01:21","modified_gmt":"2020-12-22T17:01:21","slug":"b%c9%99zi-nazirlikl%c9%99r-bakidan-g%c9%99nc%c9%99y%c9%99-kocurulsun-yeni-t%c9%99klif","status":"publish","type":"post","link":"https:\/\/infonews.az\/?p=953","title":{"rendered":"B\u0259zi nazirlikl\u0259r Bak\u0131dan G\u0259nc\u0259y\u0259 k\u00f6\u00e7\u00fcr\u00fcls\u00fcn &#8211; YEN\u0130 T\u018fKL\u0130F"},"content":{"rendered":"<blockquote><p><b>&#8220;Biz bir ne\u00e7\u0259 nazirliyi, x\u00fcsusil\u0259 d\u0259 Qaraba\u011fda daha \u00e7ox layih\u0259l\u0259r h\u0259yata ke\u00e7ir\u0259n nazirlikl\u0259ri G\u0259nc\u0259 \u015f\u0259h\u0259rin\u0259 k\u00f6\u00e7\u00fcr\u0259r\u0259k bu \u015f\u0259h\u0259rd\u0259n prosesin idar\u0259 olunmas\u0131n\u0131 t\u0259min ed\u0259 bil\u0259rik&#8221;.<\/b><\/p><\/blockquote>\n<p><a href=\"http:\/\/infonews.az\/\"><strong>\u0130NFONEWS<\/strong> <\/a>x\u0259b\u0259r verir ki, bu t\u0259klifi bu g\u00fcn Milli M\u0259clisin ke\u00e7iril\u0259n plenar iclas\u0131nda mill\u0259t v\u0259kili Fazil Mustafa ir\u0259li s\u00fcr\u00fcb. Onun s\u00f6zl\u0259rin\u0259 g\u00f6r\u0259, bu yolla \u00f6lk\u0259nin ikinci b\u00f6y\u00fck \u015f\u0259h\u0259rini daha aktiv v\u0259ziyy\u0259t\u0259 g\u0259tir\u0259 bil\u0259rik:<\/p>\n<p>&#8220;Diqq\u0259t ets\u0259niz, Rusiyada bir \u00e7ox qurumlar Moskvadan Sankt-Peterburqa k\u00f6\u00e7\u00fcr\u00fcl\u00fcb. T\u00fcrkiy\u0259d\u0259 d\u0259 bel\u0259 bir \u0259n\u0259n\u0259 var. Ankaradak\u0131 b\u0259zi qurumlar \u00f6z f\u0259aliyy\u0259tini \u0130stanbul v\u0259 ya b\u00f6lg\u0259l\u0259r \u00fcz\u0259rind\u0259n h\u0259yata ke\u00e7irirl\u0259r. Bu daha \u00e7evik idar\u0259tetm\u0259ni h\u0259ll ed\u0259 bil\u0259r&#8221;.<\/p>\n","protected":false},"excerpt":{"rendered":"<p>&#8220;Biz bir ne\u00e7\u0259 nazirliyi, x\u00fcsusil\u0259 d\u0259 Qaraba\u011fda daha \u00e7ox layih\u0259l\u0259r h\u0259yata ke\u00e7ir\u0259n nazirlikl\u0259ri G\u0259nc\u0259 \u015f\u0259h\u0259rin\u0259 k\u00f6\u00e7\u00fcr\u0259r\u0259k bu \u015f\u0259h\u0259rd\u0259n prosesin idar\u0259 olunmas\u0131n\u0131 t\u0259min ed\u0259 bil\u0259rik&#8221;. \u0130NFONEWS x\u0259b\u0259r verir ki, bu t\u0259klifi&hellip; <\/p>\n","protected":false},"author":3,"featured_media":954,"comment_status":"open","ping_status":"open","sticky":false,"template":"","format":"standard","meta":{"_mi_skip_tracking":false,"_monsterinsights_sitenote_active":false,"_monsterinsights_sitenote_note":"","_monsterinsights_sitenote_category":0,"footnotes":""},"categories":[6,11],"tags":[175],"aioseo_notices":[],"_links":{"self":[{"href":"https:\/\/infonews.az\/index.php?rest_route=\/wp\/v2\/posts\/953"}],"collection":[{"href":"https:\/\/infonews.az\/index.php?rest_route=\/wp\/v2\/posts"}],"about":[{"href":"https:\/\/infonews.az\/index.php?rest_route=\/wp\/v2\/types\/post"}],"author":[{"embeddable":true,"href":"https:\/\/infonews.az\/index.php?rest_route=\/wp\/v2\/users\/3"}],"replies":[{"embeddable":true,"href":"https:\/\/infonews.az\/index.php?rest_route=%2Fwp%2Fv2%2Fcomments&post=953"}],"version-history":[{"count":1,"href":"https:\/\/infonews.az\/index.php?rest_route=\/wp\/v2\/posts\/953\/revisions"}],"predecessor-version":[{"id":955,"href":"https:\/\/infonews.az\/index.php?rest_route=\/wp\/v2\/posts\/953\/revisions\/955"}],"wp:featuredmedia":[{"embeddable":true,"href":"https:\/\/infonews.az\/index.php?rest_route=\/wp\/v2\/media\/954"}],"wp:attachment":[{"href":"https:\/\/infonews.az\/index.php?rest_route=%2Fwp%2Fv2%2Fmedia&parent=953"}],"wp:term":[{"taxonomy":"category","embeddable":true,"href":"https:\/\/infonews.az\/index.php?rest_route=%2Fwp%2Fv2%2Fcategories&post=953"},{"taxonomy":"post_tag","embeddable":true,"href":"https:\/\/infonews.az\/index.php?rest_route=%2Fwp%2Fv2%2Ftags&post=953"}],"curies":[{"name":"wp","href":"https:\/\/api.w.org\/{rel}","templated":true}]}}