{"id":9603,"date":"2021-05-25T11:42:49","date_gmt":"2021-05-25T07:42:49","guid":{"rendered":"https:\/\/infonews.az\/?p=9603"},"modified":"2021-05-25T11:42:49","modified_gmt":"2021-05-25T07:42:49","slug":"sloveniya-parlamentind%c9%99-bas-nazirin-impicment-m%c9%99s%c9%99l%c9%99sin%c9%99-baxilacaq","status":"publish","type":"post","link":"https:\/\/infonews.az\/?p=9603","title":{"rendered":"Sloveniya Parlamentind\u0259 Ba\u015f nazirin impi\u00e7ment m\u0259s\u0259l\u0259sin\u0259 bax\u0131lacaq"},"content":{"rendered":"<p class=\"content-title\"><span style=\"color: #ffffff;\">Sloveniya Parlamentind\u0259 Ba\u015f nazirin impi\u00e7ment m\u0259s\u0259l\u0259sin\u0259 bax\u0131lacaq<\/span><\/p>\n<p><a href=\"https:\/\/infonews.az\"><span style=\"color: #ff0000;\"><strong>&#8220;\u0130NFONEWS&#8221;<\/strong><\/span><\/a> x\u0259b\u0259r verir.<\/p>\n<p><strong>Sloveniya Parlamentind\u0259 Ba\u015f nazir Yanez Yan\u015fan\u0131n impi\u00e7ment m\u0259s\u0259l\u0259sin\u0259 bax\u0131lacaq.<\/strong><\/p>\n<p>Parlamentd\u0259 bu bar\u0259d\u0259 q\u0259rar cari h\u0259ft\u0259nin g\u00fcnd\u0259liyi m\u00fczakir\u0259 edil\u0259rk\u0259n q\u0259bul edilib. M\u0259rk\u0259z-sol\u00e7u m\u00fcxalif\u0259t partiyalar\u0131n\u0131n (sosial-demokratlar, \u201cMaryan \u015earetsin siyah\u0131s\u0131\u201d, sol\u00e7ular v\u0259 ke\u00e7mi\u015f Ba\u015f nazir Alenka Bratu\u015fekin partiyas\u0131 (SAB) h\u0259l\u0259 h\u0259ft\u0259l\u0259r \u00f6nc\u0259 sa\u011f\u00e7\u0131-m\u00fchafiz\u0259kar h\u00f6kum\u0259t r\u0259hb\u0259rinin v\u0259zif\u0259sind\u0259n k\u0259narla\u015fd\u0131r\u0131lmas\u0131 \u00fc\u00e7\u00fcn m\u00fcraci\u0259ti \u00f6t\u0259n h\u0259ft\u0259 parlament spikerinin s\u0259yl\u0259ri n\u0259tic\u0259sind\u0259 bax\u0131lmam\u0131\u015fd\u0131. G\u00fcnd\u0259likd\u0259 duran dig\u0259r m\u00fch\u00fcm m\u0259s\u0259l\u0259l\u0259r \u00f6lk\u0259d\u0259 referendum \u00fc\u00e7\u00fcn tarixin m\u00fc\u0259yy\u0259nl\u0259\u015fdirilm\u0259si v\u0259 h\u0259m\u00e7inin parlament spikeri \u0130qor Zor\u00e7i\u00e7in v\u0259zif\u0259sind\u0259n k\u0259narla\u015fd\u0131r\u0131lmas\u0131 \u00fc\u00e7\u00fcn m\u00fcraci\u0259t\u0259 bax\u0131lmas\u0131 dayan\u0131r.<\/p>\n<p>M\u00fcxalif\u0259t partiyalar\u0131 Ba\u015f naziri koronavirus pandemiyas\u0131na qar\u015f\u0131 m\u00fcbariz\u0259ni d\u00fczg\u00fcn t\u0259\u015fkil etm\u0259m\u0259kd\u0259 g\u00fcnahland\u0131r\u0131rlar. Eyni zamanda Ba\u015f nazir media azadl\u0131\u011f\u0131n\u0131n m\u0259hdudla\u015fd\u0131r\u0131lmas\u0131 v\u0259 prokurorluq orqanlar\u0131n\u0131n i\u015fin\u0259 m\u00fcdaxil\u0259d\u0259 ittiham olunur.<\/p>\n<p>Qeyd ed\u0259k ki, indiy\u0259d\u0259k parlamentd\u0259 Yanez Yan\u015faya qar\u015f\u0131 iki d\u0259f\u0259 etimads\u0131zl\u0131q s\u0259sverm\u0259si ke\u00e7irilib. Y.Yan\u015fa onlar\u0131n h\u0259r ikisind\u0259 qalib g\u0259ls\u0259 d\u0259, onun koalisiyal\u0131 h\u00f6kum\u0259t art\u0131q parlamentd\u0259 s\u0259s \u00e7oxlu\u011funa malik deyil v\u0259 n\u00f6vb\u0259ti s\u0259sverm\u0259nin n\u0259tic\u0259si h\u00f6kum\u0259t r\u0259hb\u0259ri \u00fc\u00e7\u00fcn arzuolunmaz ola bil\u0259r.<\/p>\n<p>(AZ\u018fRTAC)<\/p>\n","protected":false},"excerpt":{"rendered":"<p>Sloveniya Parlamentind\u0259 Ba\u015f nazirin impi\u00e7ment m\u0259s\u0259l\u0259sin\u0259 bax\u0131lacaq &#8220;\u0130NFONEWS&#8221; x\u0259b\u0259r verir. Sloveniya Parlamentind\u0259 Ba\u015f nazir Yanez Yan\u015fan\u0131n impi\u00e7ment m\u0259s\u0259l\u0259sin\u0259 bax\u0131lacaq. Parlamentd\u0259 bu bar\u0259d\u0259 q\u0259rar cari h\u0259ft\u0259nin g\u00fcnd\u0259liyi m\u00fczakir\u0259 edil\u0259rk\u0259n q\u0259bul edilib.&hellip; <\/p>\n","protected":false},"author":3,"featured_media":9606,"comment_status":"open","ping_status":"open","sticky":false,"template":"","format":"standard","meta":{"_mi_skip_tracking":false,"_monsterinsights_sitenote_active":false,"_monsterinsights_sitenote_note":"","_monsterinsights_sitenote_category":0,"footnotes":""},"categories":[9,6,11],"tags":[15,4497,4498],"aioseo_notices":[],"_links":{"self":[{"href":"https:\/\/infonews.az\/index.php?rest_route=\/wp\/v2\/posts\/9603"}],"collection":[{"href":"https:\/\/infonews.az\/index.php?rest_route=\/wp\/v2\/posts"}],"about":[{"href":"https:\/\/infonews.az\/index.php?rest_route=\/wp\/v2\/types\/post"}],"author":[{"embeddable":true,"href":"https:\/\/infonews.az\/index.php?rest_route=\/wp\/v2\/users\/3"}],"replies":[{"embeddable":true,"href":"https:\/\/infonews.az\/index.php?rest_route=%2Fwp%2Fv2%2Fcomments&post=9603"}],"version-history":[{"count":1,"href":"https:\/\/infonews.az\/index.php?rest_route=\/wp\/v2\/posts\/9603\/revisions"}],"predecessor-version":[{"id":9607,"href":"https:\/\/infonews.az\/index.php?rest_route=\/wp\/v2\/posts\/9603\/revisions\/9607"}],"wp:featuredmedia":[{"embeddable":true,"href":"https:\/\/infonews.az\/index.php?rest_route=\/wp\/v2\/media\/9606"}],"wp:attachment":[{"href":"https:\/\/infonews.az\/index.php?rest_route=%2Fwp%2Fv2%2Fmedia&parent=9603"}],"wp:term":[{"taxonomy":"category","embeddable":true,"href":"https:\/\/infonews.az\/index.php?rest_route=%2Fwp%2Fv2%2Fcategories&post=9603"},{"taxonomy":"post_tag","embeddable":true,"href":"https:\/\/infonews.az\/index.php?rest_route=%2Fwp%2Fv2%2Ftags&post=9603"}],"curies":[{"name":"wp","href":"https:\/\/api.w.org\/{rel}","templated":true}]}}