{"id":964,"date":"2020-12-22T22:37:31","date_gmt":"2020-12-22T18:37:31","guid":{"rendered":"http:\/\/infonews.az\/?p=964"},"modified":"2020-12-23T10:13:37","modified_gmt":"2020-12-23T06:13:37","slug":"az%c9%99rbaycan-%c9%99sg%c9%99rinin-t%c9%99minati-yuks%c9%99k-s%c9%99viyy%c9%99d%c9%99dir-foto","status":"publish","type":"post","link":"https:\/\/infonews.az\/?p=964","title":{"rendered":"Az\u0259rbaycan \u0259sg\u0259rinin t\u0259minat\u0131 y\u00fcks\u0259k s\u0259viyy\u0259d\u0259dir (FOTO)"},"content":{"rendered":"<p>\u0130\u015f\u011faldan azad olunmu\u015f \u0259razil\u0259rimizd\u0259 xidm\u0259t ed\u0259n h\u0259rbi qulluq\u00e7ular\u0131m\u0131za d\u0259st\u0259k aksiyas\u0131 davam edir.<\/p>\n<p>Trend x\u0259b\u0259r verir ki, Birinci vitse-prezident Mehriban xan\u0131m \u018fliyevan\u0131n t\u0259\u015f\u0259bb\u00fcs\u00fc il\u0259 Heyd\u0259r \u018fliyev Fondu v\u0259 \u201cBravo\u201d supermarketl\u0259r \u015f\u0259b\u0259k\u0259si t\u0259r\u0259find\u0259n realla\u015fan aksiyan\u0131n n\u00f6vb\u0259ti \u00fcnvan\u0131 Qubadl\u0131 rayonu olub.<\/p>\n<p>Dekabr\u0131n 22-d\u0259 Qubadl\u0131 rayonuna s\u0259f\u0259r ed\u0259rk\u0259n yolboyu q\u0259hr\u0259man d\u00f6y\u00fc\u015f\u00e7\u00fcl\u0259rimiz t\u0259r\u0259find\u0259n azad edil\u0259n \u0259razil\u0259rd\u0259 erm\u0259ni v\u0259h\u015filiyinin izl\u0259rini bir daha g\u00f6rd\u00fck. Do\u011fma yurdumuzun k\u0259ndl\u0259rind\u0259 bir d\u0259n\u0259 d\u0259 salamat ev qalmay\u0131b. \u0130ll\u0259rdir bu torpaqlar \u00f6z sahibl\u0259rini g\u00f6zl\u0259yirdi v\u0259 art\u0131q h\u0259min g\u00fcn g\u0259lib. Tezlikl\u0259 burada yeni-yeni evl\u0259r tikil\u0259c\u0259k, \u015f\u0259h\u0259rl\u0259r, q\u0259s\u0259b\u0259l\u0259r, k\u0259ndl\u0259r yenid\u0259n \u00f6z firavan g\u00fcnl\u0259rin\u0259 qay\u0131dacaq.<\/p>\n<p>Qubadl\u0131n\u0131n Xanl\u0131q k\u0259ndind\u0259 \u0259sg\u0259rl\u0259rimizl\u0259 g\u00f6r\u00fc\u015f zaman\u0131 onlar\u0131n simalar\u0131ndak\u0131 t\u0259b\u0259ss\u00fcm, f\u0259xar\u0259t a\u00e7\u0131q-ayd\u0131n hiss edilirdi. \u00c7\u00fcnki onlar qalib ordunun \u0259sg\u0259rl\u0259ridir.<\/p>\n<div id=\"AdviadNativeVideo0\" class=\"AdviadNativeVideo\"><\/div>\n<p>\u201cBravo\u201d supermarketl\u0259r \u015f\u0259b\u0259k\u0259sinin n\u00fcmay\u0259nd\u0259l\u0259ri g\u0259tirdikl\u0259ri ba\u011flamalar\u0131 h\u0259rbi qulluq\u00e7ular\u0131m\u0131za \u00e7atd\u0131r\u0131b, h\u0259m\u00e7inin \u0259sg\u0259rl\u0259rimizl\u0259 s\u00f6hb\u0259t ed\u0259r\u0259k onlar\u0131n ist\u0259kl\u0259rini qeyd\u0259 al\u0131blar.<\/p>\n<p>Ayr\u0131-ayr\u0131l\u0131q\u0131da h\u0259r birinin \u015f\u0259xsi h\u0259yat\u0131nda m\u00fcxt\u0259lif ist\u0259kl\u0259ri, x\u0259yallar\u0131 olan h\u0259rb\u00e7il\u0259rimizin V\u0259t\u0259nl\u0259 ba\u011fl\u0131 arzular\u0131 eynidir. Sanki ham\u0131s\u0131 bir ail\u0259nin \u00f6vlad\u0131d\u0131r. Onlarla s\u00f6hb\u0259t ed\u0259rk\u0259n h\u0259r birinin dilind\u0259n eyni s\u00f6zl\u0259ri e\u015fitdik: \u201cBiz qalib ordunun s\u0131ralar\u0131nda xidm\u0259t etdiyimiz \u00fc\u00e7\u00fcn q\u00fcrur duyuruq. V\u0259t\u0259nin ke\u015fiyind\u0259 dayanmaq bizim \u00fc\u00e7\u00fcn f\u0259xrdir!\u201d.<\/p>\n<p>Bir daha \u015fahid olduq ki, Az\u0259rbaycan \u0259sg\u0259ri q\u0259hr\u0259manl\u0131q v\u0259 \u015f\u00fcca\u0259t g\u00f6st\u0259r\u0259r\u0259k i\u015f\u011faldan azad etdiyi V\u0259t\u0259n torpaqlar\u0131nda xidm\u0259tini q\u0259l\u0259b\u0259 \u0259hval-ruhiyy\u0259si il\u0259 apar\u0131r. \u0130\u015f\u011faldan azad olunan \u0259razil\u0259rd\u0259 yerl\u0259\u015f\u0259n qo\u015funlar\u0131m\u0131z\u0131n t\u0259minat\u0131 y\u00fcks\u0259k s\u0259viyy\u0259d\u0259dir.<\/p>\n<p><img loading=\"lazy\" decoding=\"async\" class=\"aligncenter\" src=\"https:\/\/cdn.trend.az\/2020\/12\/22\/bravo_yardim_221220_1.jpg\" width=\"405\" height=\"268\" \/><\/p>\n","protected":false},"excerpt":{"rendered":"<p>\u0130\u015f\u011faldan azad olunmu\u015f \u0259razil\u0259rimizd\u0259 xidm\u0259t ed\u0259n h\u0259rbi qulluq\u00e7ular\u0131m\u0131za d\u0259st\u0259k aksiyas\u0131 davam edir. Trend x\u0259b\u0259r verir ki, Birinci vitse-prezident Mehriban xan\u0131m \u018fliyevan\u0131n t\u0259\u015f\u0259bb\u00fcs\u00fc il\u0259 Heyd\u0259r \u018fliyev Fondu v\u0259 \u201cBravo\u201d supermarketl\u0259r \u015f\u0259b\u0259k\u0259si&hellip; <\/p>\n","protected":false},"author":3,"featured_media":217,"comment_status":"open","ping_status":"open","sticky":false,"template":"","format":"standard","meta":{"_mi_skip_tracking":false,"_monsterinsights_sitenote_active":false,"_monsterinsights_sitenote_note":"","_monsterinsights_sitenote_category":0,"footnotes":""},"categories":[4,11],"tags":[176,17],"aioseo_notices":[],"_links":{"self":[{"href":"https:\/\/infonews.az\/index.php?rest_route=\/wp\/v2\/posts\/964"}],"collection":[{"href":"https:\/\/infonews.az\/index.php?rest_route=\/wp\/v2\/posts"}],"about":[{"href":"https:\/\/infonews.az\/index.php?rest_route=\/wp\/v2\/types\/post"}],"author":[{"embeddable":true,"href":"https:\/\/infonews.az\/index.php?rest_route=\/wp\/v2\/users\/3"}],"replies":[{"embeddable":true,"href":"https:\/\/infonews.az\/index.php?rest_route=%2Fwp%2Fv2%2Fcomments&post=964"}],"version-history":[{"count":1,"href":"https:\/\/infonews.az\/index.php?rest_route=\/wp\/v2\/posts\/964\/revisions"}],"predecessor-version":[{"id":965,"href":"https:\/\/infonews.az\/index.php?rest_route=\/wp\/v2\/posts\/964\/revisions\/965"}],"wp:featuredmedia":[{"embeddable":true,"href":"https:\/\/infonews.az\/index.php?rest_route=\/wp\/v2\/media\/217"}],"wp:attachment":[{"href":"https:\/\/infonews.az\/index.php?rest_route=%2Fwp%2Fv2%2Fmedia&parent=964"}],"wp:term":[{"taxonomy":"category","embeddable":true,"href":"https:\/\/infonews.az\/index.php?rest_route=%2Fwp%2Fv2%2Fcategories&post=964"},{"taxonomy":"post_tag","embeddable":true,"href":"https:\/\/infonews.az\/index.php?rest_route=%2Fwp%2Fv2%2Ftags&post=964"}],"curies":[{"name":"wp","href":"https:\/\/api.w.org\/{rel}","templated":true}]}}