{"id":9694,"date":"2021-05-26T11:54:44","date_gmt":"2021-05-26T07:54:44","guid":{"rendered":"https:\/\/infonews.az\/?p=9694"},"modified":"2021-05-26T11:54:44","modified_gmt":"2021-05-26T07:54:44","slug":"putin-v%c9%99-bayden-gorusunun-tarixi-aciqlandi","status":"publish","type":"post","link":"https:\/\/infonews.az\/?p=9694","title":{"rendered":"Putin v\u0259 Bayden g\u00f6r\u00fc\u015f\u00fcn\u00fcn tarixi a\u00e7\u0131qland\u0131"},"content":{"rendered":"<p><img loading=\"lazy\" decoding=\"async\" class=\"size-medium wp-image-9695\" src=\"https:\/\/infonews.az\/wp-content\/uploads\/2021\/05\/3jpg-1622005020-300x200.jpg\" alt=\"\" width=\"300\" height=\"200\" srcset=\"https:\/\/infonews.az\/wp-content\/uploads\/2021\/05\/3jpg-1622005020-300x200.jpg?v=1660870829 300w, https:\/\/infonews.az\/wp-content\/uploads\/2021\/05\/3jpg-1622005020.jpg?v=1660870829 620w\" sizes=\"(max-width: 300px) 100vw, 300px\" \/><\/p>\n<p><span style=\"color: #ffffff;\">Putin v\u0259 Bayden g\u00f6r\u00fc\u015f\u00fcn\u00fcn tarixi a\u00e7\u0131qland\u0131<\/span><\/p>\n<p><a href=\"https:\/\/infonews.az\"><strong><span style=\"color: #ff0000;\">&#8220;\u0130NFONEWS&#8221;<\/span><\/strong><\/a> x\u0259b\u0259r verir.<\/p>\n<p><strong>\u018fld\u0259 olunan raz\u0131la\u015fmaya \u0259sas\u0259n Rusiya Prezidenti Vladimir Putin iyunun 16-da Cenevr\u0259d\u0259 AB\u015e prezidenti Cozef Baydenl\u0259 dan\u0131\u015f\u0131qlar aparacaq.<\/strong><\/p>\n<p>Bu bar\u0259d\u0259 Kremlin m\u0259tbuat xidm\u0259ti m\u0259lumat yay\u0131b.<\/p>\n<p>M\u0259lumata \u0259sas\u0259n, dan\u0131\u015f\u0131qlar zaman\u0131 Rusiya \u2013Amerika m\u00fcnasib\u0259tl\u0259rinin haz\u0131rki v\u0259ziyy\u0259ti v\u0259 inki\u015faf perspektivl\u0259ri, strateji sabitlik problemil\u0259ri, h\u0259m\u00e7inin koronavirus pandemiyas\u0131na qar\u015f\u0131 m\u00fcbariz\u0259 v\u0259 regional m\u00fcnaqi\u015f\u0259l\u0259rin t\u0259nziml\u0259nm\u0259si kimi beyn\u0259lxalq g\u00fcnd\u0259liyin aktual m\u0259s\u0259l\u0259l\u0259ri m\u00fczakir\u0259 olunacaq.<\/p>\n","protected":false},"excerpt":{"rendered":"<p>Putin v\u0259 Bayden g\u00f6r\u00fc\u015f\u00fcn\u00fcn tarixi a\u00e7\u0131qland\u0131 &#8220;\u0130NFONEWS&#8221; x\u0259b\u0259r verir. \u018fld\u0259 olunan raz\u0131la\u015fmaya \u0259sas\u0259n Rusiya Prezidenti Vladimir Putin iyunun 16-da Cenevr\u0259d\u0259 AB\u015e prezidenti Cozef Baydenl\u0259 dan\u0131\u015f\u0131qlar aparacaq. Bu bar\u0259d\u0259 Kremlin m\u0259tbuat&hellip; <\/p>\n","protected":false},"author":3,"featured_media":9696,"comment_status":"open","ping_status":"open","sticky":false,"template":"","format":"standard","meta":{"_mi_skip_tracking":false,"_monsterinsights_sitenote_active":false,"_monsterinsights_sitenote_note":"","_monsterinsights_sitenote_category":0,"footnotes":""},"categories":[9,6,11],"tags":[3542,15,4501,474],"aioseo_notices":[],"_links":{"self":[{"href":"https:\/\/infonews.az\/index.php?rest_route=\/wp\/v2\/posts\/9694"}],"collection":[{"href":"https:\/\/infonews.az\/index.php?rest_route=\/wp\/v2\/posts"}],"about":[{"href":"https:\/\/infonews.az\/index.php?rest_route=\/wp\/v2\/types\/post"}],"author":[{"embeddable":true,"href":"https:\/\/infonews.az\/index.php?rest_route=\/wp\/v2\/users\/3"}],"replies":[{"embeddable":true,"href":"https:\/\/infonews.az\/index.php?rest_route=%2Fwp%2Fv2%2Fcomments&post=9694"}],"version-history":[{"count":1,"href":"https:\/\/infonews.az\/index.php?rest_route=\/wp\/v2\/posts\/9694\/revisions"}],"predecessor-version":[{"id":9697,"href":"https:\/\/infonews.az\/index.php?rest_route=\/wp\/v2\/posts\/9694\/revisions\/9697"}],"wp:featuredmedia":[{"embeddable":true,"href":"https:\/\/infonews.az\/index.php?rest_route=\/wp\/v2\/media\/9696"}],"wp:attachment":[{"href":"https:\/\/infonews.az\/index.php?rest_route=%2Fwp%2Fv2%2Fmedia&parent=9694"}],"wp:term":[{"taxonomy":"category","embeddable":true,"href":"https:\/\/infonews.az\/index.php?rest_route=%2Fwp%2Fv2%2Fcategories&post=9694"},{"taxonomy":"post_tag","embeddable":true,"href":"https:\/\/infonews.az\/index.php?rest_route=%2Fwp%2Fv2%2Ftags&post=9694"}],"curies":[{"name":"wp","href":"https:\/\/api.w.org\/{rel}","templated":true}]}}