{"id":9957,"date":"2021-06-02T10:35:54","date_gmt":"2021-06-02T06:35:54","guid":{"rendered":"https:\/\/infonews.az\/?p=9957"},"modified":"2021-06-02T11:30:25","modified_gmt":"2021-06-02T07:30:25","slug":"t%c9%99rt%c9%99rd%c9%99-usaqlarin-bayram-sevinci","status":"publish","type":"post","link":"https:\/\/infonews.az\/?p=9957","title":{"rendered":"T\u0259rt\u0259rd\u0259 u\u015faqlar\u0131n bayram sevinci"},"content":{"rendered":"<p><span style=\"color: #ffffff;\">T\u0259rt\u0259rd\u0259 u\u015faqlar\u0131n bayram sevinci<\/span><\/p>\n<p><span style=\"color: #ff0000;\"><strong>\u201d\u0130NFONEWS\u201d<\/strong><\/span> x\u0259b\u0259r verir.<\/p>\n<p>1 \u0130yun &#8211; U\u015faqlar\u0131n Beyn\u0259lxalq M\u00fcdafi\u0259si G\u00fcn\u00fc il\u0259 \u0259laq\u0259dar T\u0259rt\u0259r \u015f\u0259h\u0259rind\u0259ki Heyd\u0259r \u018fliyev ad\u0131na parkda \u015f\u0259hid v\u0259 qazi \u00f6vladlar\u0131n\u0131n i\u015ftirak\u0131 il\u0259 bayram t\u0259dbiri ke\u00e7irilib.<\/p>\n<p>\u00c7\u0131x\u0131\u015f ed\u0259nl\u0259r u\u015faqlar\u0131 bayram m\u00fcnasib\u0259til\u0259 t\u0259brik edib, \u00f6lk\u0259mizd\u0259 u\u015faqlara g\u00f6st\u0259ril\u0259n d\u00f6vl\u0259t qay\u011f\u0131s\u0131ndan, onlar\u0131n h\u00fcquqlar\u0131n\u0131n qorunmas\u0131, sa\u011flam b\u00f6y\u00fcm\u0259l\u0259ri, t\u0259hsili istiqam\u0259tind\u0259 g\u00f6r\u00fcl\u0259n i\u015fl\u0259rd\u0259n, Prezident, M\u00fcz\u0259ff\u0259r Ali Ba\u015f Komandan \u0130lham \u018fliyevin r\u0259hb\u0259rliyi il\u0259 Ordumuzun \u0259ld\u0259 etdiyi tarixi Z\u0259f\u0259rd\u0259n dan\u0131\u015f\u0131blar. Bildirilib ki, \u00f6lk\u0259mizd\u0259 u\u015faq v\u0259 yeniyetm\u0259l\u0259r\u0259, g\u0259ncl\u0259r\u0259 g\u00f6st\u0259ril\u0259n diqq\u0259t v\u0259 qay\u011f\u0131, onlara yarad\u0131lan h\u0259rt\u0259r\u0259fli \u015f\u0259rait d\u00f6vl\u0259t siyas\u0259tinin \u0259sas istiqam\u0259tl\u0259rind\u0259n biridir. \u018fsas\u0131 \u00fcmummilli lider Heyd\u0259r \u018fliyev t\u0259r\u0259find\u0259n qoyulmu\u015f v\u0259 Prezident \u0130lham \u018fliyevin u\u011furla davam etdirdiyi bu siyas\u0259t art\u0131q milli strategiya kimi formala\u015f\u0131b.<\/p>\n<p>T\u0259dbird\u0259 \u00e7\u0131x\u0131\u015f ed\u0259n \u015f\u0259hid ail\u0259l\u0259ri v\u0259 qazil\u0259r onlara g\u00f6st\u0259ril\u0259n diqq\u0259t v\u0259 qay\u011f\u0131ya g\u00f6r\u0259 Prezident \u0130lham \u018fliyev\u0259 v\u0259 Birinci vitse-prezident Mehriban xan\u0131m \u018fliyevaya minn\u0259tdarl\u0131qlar\u0131n\u0131 bildiribl\u0259r. Sonra rayon M\u0259d\u0259niyy\u0259t M\u0259rk\u0259zinin \u00f6zf\u0259aliyy\u0259t kollektivinin v\u0259 U\u015faq-G\u0259ncl\u0259r \u0130nki\u015faf M\u0259rk\u0259zinin yetirm\u0259l\u0259rinin haz\u0131rlad\u0131\u011f\u0131 konsert proqram\u0131 t\u0259qdim olunub, balacalar\u0131n ifas\u0131nda \u015feirl\u0259r s\u0259sl\u0259ndirilib.<\/p>\n<p>T\u0259dbirin sonunda u\u015faqlara h\u0259diyy\u0259l\u0259r t\u0259qdim olunub.<\/p>\n","protected":false},"excerpt":{"rendered":"<p>T\u0259rt\u0259rd\u0259 u\u015faqlar\u0131n bayram sevinci \u201d\u0130NFONEWS\u201d x\u0259b\u0259r verir. 1 \u0130yun &#8211; U\u015faqlar\u0131n Beyn\u0259lxalq M\u00fcdafi\u0259si G\u00fcn\u00fc il\u0259 \u0259laq\u0259dar T\u0259rt\u0259r \u015f\u0259h\u0259rind\u0259ki Heyd\u0259r \u018fliyev ad\u0131na parkda \u015f\u0259hid v\u0259 qazi \u00f6vladlar\u0131n\u0131n i\u015ftirak\u0131 il\u0259 bayram t\u0259dbiri&hellip; <\/p>\n","protected":false},"author":3,"featured_media":9958,"comment_status":"open","ping_status":"open","sticky":false,"template":"","format":"standard","meta":{"_mi_skip_tracking":false,"_monsterinsights_sitenote_active":false,"_monsterinsights_sitenote_note":"","_monsterinsights_sitenote_category":0,"footnotes":""},"categories":[4,11],"tags":[276,4521],"aioseo_notices":[],"_links":{"self":[{"href":"https:\/\/infonews.az\/index.php?rest_route=\/wp\/v2\/posts\/9957"}],"collection":[{"href":"https:\/\/infonews.az\/index.php?rest_route=\/wp\/v2\/posts"}],"about":[{"href":"https:\/\/infonews.az\/index.php?rest_route=\/wp\/v2\/types\/post"}],"author":[{"embeddable":true,"href":"https:\/\/infonews.az\/index.php?rest_route=\/wp\/v2\/users\/3"}],"replies":[{"embeddable":true,"href":"https:\/\/infonews.az\/index.php?rest_route=%2Fwp%2Fv2%2Fcomments&post=9957"}],"version-history":[{"count":1,"href":"https:\/\/infonews.az\/index.php?rest_route=\/wp\/v2\/posts\/9957\/revisions"}],"predecessor-version":[{"id":9959,"href":"https:\/\/infonews.az\/index.php?rest_route=\/wp\/v2\/posts\/9957\/revisions\/9959"}],"wp:featuredmedia":[{"embeddable":true,"href":"https:\/\/infonews.az\/index.php?rest_route=\/wp\/v2\/media\/9958"}],"wp:attachment":[{"href":"https:\/\/infonews.az\/index.php?rest_route=%2Fwp%2Fv2%2Fmedia&parent=9957"}],"wp:term":[{"taxonomy":"category","embeddable":true,"href":"https:\/\/infonews.az\/index.php?rest_route=%2Fwp%2Fv2%2Fcategories&post=9957"},{"taxonomy":"post_tag","embeddable":true,"href":"https:\/\/infonews.az\/index.php?rest_route=%2Fwp%2Fv2%2Ftags&post=9957"}],"curies":[{"name":"wp","href":"https:\/\/api.w.org\/{rel}","templated":true}]}}