{"id":14505,"count":1,"description":"","link":"https:\/\/infonews.az\/?tag=xalq-yazicisi-kamal-abdulla","name":"Xalq yaz\u0131\u00e7\u0131s\u0131 Kamal Abdulla","slug":"xalq-yazicisi-kamal-abdulla","taxonomy":"post_tag","meta":[],"_links":{"self":[{"href":"https:\/\/infonews.az\/index.php?rest_route=\/wp\/v2\/tags\/14505"}],"collection":[{"href":"https:\/\/infonews.az\/index.php?rest_route=\/wp\/v2\/tags"}],"about":[{"href":"https:\/\/infonews.az\/index.php?rest_route=\/wp\/v2\/taxonomies\/post_tag"}],"wp:post_type":[{"href":"https:\/\/infonews.az\/index.php?rest_route=%2Fwp%2Fv2%2Fposts&tags=14505"}],"curies":[{"name":"wp","href":"https:\/\/api.w.org\/{rel}","templated":true}]}}