{"id":431,"count":6,"description":"","link":"https:\/\/infonews.az\/?tag=ikinci-qarabag-muharib%c9%99si","name":"\u0130kinci Qaraba\u011f m\u00fcharib\u0259si","slug":"ikinci-qarabag-muharib%c9%99si","taxonomy":"post_tag","meta":[],"_links":{"self":[{"href":"https:\/\/infonews.az\/index.php?rest_route=\/wp\/v2\/tags\/431"}],"collection":[{"href":"https:\/\/infonews.az\/index.php?rest_route=\/wp\/v2\/tags"}],"about":[{"href":"https:\/\/infonews.az\/index.php?rest_route=\/wp\/v2\/taxonomies\/post_tag"}],"wp:post_type":[{"href":"https:\/\/infonews.az\/index.php?rest_route=%2Fwp%2Fv2%2Fposts&tags=431"}],"curies":[{"name":"wp","href":"https:\/\/api.w.org\/{rel}","templated":true}]}}