{"id":7926,"count":1,"description":"","link":"https:\/\/infonews.az\/?tag=ir%c9%99li-ictviii-hesabat-secki-konfransi","name":"\u201c\u0130r\u0259li\u201d \u0130ctVIII hesabat-se\u00e7ki konfrans\u0131","slug":"ir%c9%99li-ictviii-hesabat-secki-konfransi","taxonomy":"post_tag","meta":[],"_links":{"self":[{"href":"https:\/\/infonews.az\/index.php?rest_route=\/wp\/v2\/tags\/7926"}],"collection":[{"href":"https:\/\/infonews.az\/index.php?rest_route=\/wp\/v2\/tags"}],"about":[{"href":"https:\/\/infonews.az\/index.php?rest_route=\/wp\/v2\/taxonomies\/post_tag"}],"wp:post_type":[{"href":"https:\/\/infonews.az\/index.php?rest_route=%2Fwp%2Fv2%2Fposts&tags=7926"}],"curies":[{"name":"wp","href":"https:\/\/api.w.org\/{rel}","templated":true}]}}